{"id":820,"date":"2019-10-22T09:46:14","date_gmt":"2019-10-22T07:46:14","guid":{"rendered":"https:\/\/frigicoll.es\/blog\/?p=820"},"modified":"2019-10-22T09:46:14","modified_gmt":"2019-10-22T07:46:14","slug":"por-que-elegir-electrodomesticos-integrables-en-2020","status":"publish","type":"post","link":"https:\/\/www.frigicoll.es\/blog\/por-que-elegir-electrodomesticos-integrables-en-2020\/","title":{"rendered":"Por qu\u00e9 elegir electrodom\u00e9sticos integrables en 2020"},"content":{"rendered":"<p>Los <strong>electrodom\u00e9sticos integrables<\/strong> son tendencia y lo van a seguir siendo por mucho tiempo. El ahorro de espacio es la gran ventaja que nos viene en mente a la hora de pensar en ellos, pero no es la \u00fanica.<\/p>\n<p>En este art\u00edculo te vamos a explicar los <strong>beneficios de elegir electrodom\u00e9sticos integrables<\/strong> para tu cocina y te hablaremos de los <a href=\"https:\/\/home.liebherr.com\/es\/esp\/products\/electrodom%C3%A9sticos\/built-in-appliances\/frigor%C3%ADficos-empotrables\/frigor%C3%ADficos-empotrables.html\">frigor\u00edficos empotrables de <strong>Liebherr<\/strong><\/a>, que incluso se pueden integrar debajo de la encimera.<\/p>\n<p><img  loading=\"lazy\"  class=\"aligncenter size-full wp-image-821 pk-lazyload\"  src=\"data:image\/png;base64,iVBORw0KGgoAAAANSUhEUgAAAvgAAAG4AQMAAAAKXAFRAAAAA1BMVEUAAP+KeNJXAAAAAXRSTlMAQObYZgAAAAlwSFlzAAAOxAAADsQBlSsOGwAAAEBJREFUeNrtwQENAAAAwqD3T20ON6AAAAAAAAAAAAAAAAAAAAAAAAAAAAAAAAAAAAAAAAAAAAAAAAAAAAAAgFcDpQAAAb4sED8AAAAASUVORK5CYII=\"  alt=\"Electrodom\u00e9sticos integrables\"  width=\"760\"  height=\"440\"  data-pk-sizes=\"auto\"  data-ls-sizes=\"(max-width: 760px) 100vw, 760px\"  data-pk-src=\"https:\/\/frigicoll.es\/blog\/wp-content\/uploads\/2019\/10\/Electrodom\u00e9sticos-integrables.jpg\"  data-pk-srcset=\"https:\/\/www.frigicoll.es\/blog\/wp-content\/uploads\/2019\/10\/Electrodom\u00e9sticos-integrables.jpg 760w, https:\/\/www.frigicoll.es\/blog\/wp-content\/uploads\/2019\/10\/Electrodom\u00e9sticos-integrables-300x174.jpg 300w, https:\/\/www.frigicoll.es\/blog\/wp-content\/uploads\/2019\/10\/Electrodom\u00e9sticos-integrables-380x220.jpg 380w\" ><\/p>\n<h2 id=\"diferencias-entre-electrodomesticos-integrables-panelables-o-libres\">Diferencias entre electrodom\u00e9sticos integrables, panelables o libres<\/h2>\n<p>A modo de introducci\u00f3n, te vamos a recordar qu\u00e9 significa cada tipo de electrodom\u00e9stico seg\u00fan su instalaci\u00f3n:<\/p>\n<p><strong>Electrodom\u00e9sticos integrables o encastrables<\/strong>: son aquellos que se integran en el resto del mobiliario, quedando ocultos o muy \u201ccamuflados\u201d.<\/p>\n<p><strong>Electrodom\u00e9sticos panelables<\/strong>: son los que incorporan la posibilidad de ser panelados mediante un kit de instalaci\u00f3n para adaptarse al dise\u00f1o de los otros muebles. Tambi\u00e9n pueden quedar bastante discretos, aunque siempre se ver\u00e1n las botoneras.<\/p>\n<p><strong>Electrodom\u00e9sticos libres o independientes<\/strong>: se trata de los de toda la vida, aquellos que tienen una colocaci\u00f3n aislada y no se esconden entre el mobiliario. Aun as\u00ed, su dise\u00f1o puede encajar a la perfecci\u00f3n con la est\u00e9tica de la cocina, como es el caso de estos <a href=\"https:\/\/home.liebherr.com\/es\/esp\/products\/electrodom%C3%A9sticos\/electrodom%C3%A9sticos-independientes\/frigor%C3%ADficos-de-pie-y-de-mesa\/frigor%C3%ADficos-de-pie-y-de-mesa.html\">electrodom\u00e9sticos de libre instalaci\u00f3n de Liebherr<\/a>.<\/p>\n<p><img  loading=\"lazy\"  class=\"aligncenter size-full wp-image-822 pk-lazyload\"  src=\"data:image\/png;base64,iVBORw0KGgoAAAANSUhEUgAAAqgAAAHCAQMAAAAZ8am+AAAAA1BMVEUAAP+KeNJXAAAAAXRSTlMAQObYZgAAAAlwSFlzAAAOxAAADsQBlSsOGwAAADtJREFUeNrtwQEBAAAAgiD\/r25IQAEAAAAAAAAAAAAAAAAAAAAAAAAAAAAAAAAAAAAAAAAAAAAAAADwbpcsAAFpvJRLAAAAAElFTkSuQmCC\"  alt=\"Beneficios de los electrodom\u00e9sticos integrables\"  width=\"680\"  height=\"450\"  data-pk-sizes=\"auto\"  data-ls-sizes=\"(max-width: 680px) 100vw, 680px\"  data-pk-src=\"https:\/\/frigicoll.es\/blog\/wp-content\/uploads\/2019\/10\/Beneficios-de-los-electrodom\u00e9sticos-integrables.jpg\"  data-pk-srcset=\"https:\/\/www.frigicoll.es\/blog\/wp-content\/uploads\/2019\/10\/Beneficios-de-los-electrodom\u00e9sticos-integrables.jpg 680w, https:\/\/www.frigicoll.es\/blog\/wp-content\/uploads\/2019\/10\/Beneficios-de-los-electrodom\u00e9sticos-integrables-300x199.jpg 300w, https:\/\/www.frigicoll.es\/blog\/wp-content\/uploads\/2019\/10\/Beneficios-de-los-electrodom\u00e9sticos-integrables-380x251.jpg 380w\" ><\/p>\n<h2 id=\"las-ventajas-de-los-electrodomesticos-encastrables\">Las ventajas de los electrodom\u00e9sticos encastrables<\/h2>\n<p>La ventaja m\u00e1s grande de los electrodom\u00e9sticos integrables es el <strong>ahorro de espacio<\/strong>. Si tu cocina es peque\u00f1a, seguro que agradecer\u00e1s no tener el microondas en la encimera o la nevera interrumpiendo tu paso. Imagina tenerlo todo integrado en forma de columna. Se gana en <strong>amplitud<\/strong> y <strong>comodidad<\/strong>.<\/p>\n<p>En cuanto a <strong>est\u00e9tica<\/strong>, el efecto minimalista que crean los electrodom\u00e9sticos integrables est\u00e1 a la orden del d\u00eda. Si la cocina da la sensaci\u00f3n de tener pocos electrodom\u00e9sticos pero en realidad no te falta ni uno, \u00a1bingo! La sensaci\u00f3n de <strong>uniformidad<\/strong> y <strong>ligereza<\/strong> es muy preciada en los hogares.<\/p>\n<p>Otro de los aspectos en el quiz\u00e1s no hab\u00edas pensado es que tener los electrodom\u00e9sticos integrados da una mayor <strong>sensaci\u00f3n<\/strong> <strong>de limpieza<\/strong>. No tener a la vista los botones, los cables o los mandos de los electrodom\u00e9sticos da armon\u00eda e incluso resulta <strong>m\u00e1s seguro<\/strong> para los ni\u00f1os de la casa.<\/p>\n<p><img  loading=\"lazy\"  class=\"aligncenter size-full wp-image-823 pk-lazyload\"  src=\"data:image\/png;base64,iVBORw0KGgoAAAANSUhEUgAAAqgAAAHCAQMAAAAZ8am+AAAAA1BMVEUAAP+KeNJXAAAAAXRSTlMAQObYZgAAAAlwSFlzAAAOxAAADsQBlSsOGwAAADtJREFUeNrtwQEBAAAAgiD\/r25IQAEAAAAAAAAAAAAAAAAAAAAAAAAAAAAAAAAAAAAAAAAAAAAAAADwbpcsAAFpvJRLAAAAAElFTkSuQmCC\"  alt=\"Electrodom\u00e9sticos integrables Liebherr\"  width=\"680\"  height=\"450\"  data-pk-sizes=\"auto\"  data-ls-sizes=\"(max-width: 680px) 100vw, 680px\"  data-pk-src=\"https:\/\/frigicoll.es\/blog\/wp-content\/uploads\/2019\/10\/Electrodom\u00e9sticos-integrables-Liebherr.jpg\"  data-pk-srcset=\"https:\/\/www.frigicoll.es\/blog\/wp-content\/uploads\/2019\/10\/Electrodom\u00e9sticos-integrables-Liebherr.jpg 680w, https:\/\/www.frigicoll.es\/blog\/wp-content\/uploads\/2019\/10\/Electrodom\u00e9sticos-integrables-Liebherr-300x199.jpg 300w, https:\/\/www.frigicoll.es\/blog\/wp-content\/uploads\/2019\/10\/Electrodom\u00e9sticos-integrables-Liebherr-380x251.jpg 380w\" ><\/p>\n<h2 id=\"los-frigorificos-integrables-de-liebherr\">Los frigor\u00edficos integrables de Liebherr<\/h2>\n<p>En el mercado encontrar\u00e1s muchas soluciones pero si buscas una marca que te garantice un <strong>dise\u00f1o con acabados modernos y una calidad excelente<\/strong>, piensa en <strong>Liebherr<\/strong>.<\/p>\n<p>Un buen ejemplo son sus <a href=\"https:\/\/home.liebherr.com\/es\/esp\/products\/electrodom%C3%A9sticos\/built-in-appliances\/frigor%C3%ADficos-empotrables\/frigor%C3%ADficos-empotrables.html\">frigor\u00edficos empotrables<\/a>. Est\u00e1n disponibles en versiones de<strong> 88 a 178 cm<\/strong>, con <strong>puertas deslizantes o fijas<\/strong> que se pueden decorar. Presentan un <strong>bajo consumo energ\u00e9tico<\/strong> y cuentan con el sistema de<strong> cierre amortiguado<\/strong> SoftSystem para evitar cierres bruscos.<\/p>\n<p>Adem\u00e1s, destacan por sus armarios para vino, arcones congeladores y aparatos side-by-side. <strong><a href=\"https:\/\/home.liebherr.com\/es\/esp\/products\/electrodom%C3%A9sticos\/electrodom%C3%A9sticos.html\">\u00a1Desc\u00fabrelos todos aqu\u00ed!<\/a><\/strong><\/p>\n","protected":false},"excerpt":{"rendered":"Los electrodom\u00e9sticos integrables son tendencia y lo van a seguir siendo por mucho tiempo. El ahorro de espacio es la gran ventaja que nos viene en mente a la hora de pensar en ellos, pero no es la \u00fanica. En este art\u00edculo te vamos a explicar los beneficios de elegir&hellip;\n","protected":false},"author":2,"featured_media":824,"comment_status":"closed","ping_status":"open","sticky":false,"template":"","format":"standard","meta":[],"categories":[5],"tags":[],"yoast_head":"<!-- This site is optimized with the Yoast SEO plugin v19.12 - https:\/\/yoast.com\/wordpress\/plugins\/seo\/ -->\n<title>Por qu\u00e9 elegir electrodom\u00e9sticos integrables en 2020 - Frigicoll - Blog<\/title>\n<meta name=\"description\" content=\"Conoce las ventajas de los electrodom\u00e9sticos integrables respecto a los libres o panelables. Ahorro de espacio, dise\u00f1o, limpieza\u2026 \u00a1Inf\u00f3rmate aqu\u00ed!\" \/>\n<meta name=\"robots\" content=\"index, follow, max-snippet:-1, max-image-preview:large, max-video-preview:-1\" \/>\n<link rel=\"canonical\" href=\"https:\/\/www.frigicoll.es\/blog\/por-que-elegir-electrodomesticos-integrables-en-2020\/\" \/>\n<meta property=\"og:locale\" content=\"es_ES\" \/>\n<meta property=\"og:type\" content=\"article\" \/>\n<meta property=\"og:title\" content=\"Por qu\u00e9 elegir electrodom\u00e9sticos integrables en 2020 - Frigicoll - Blog\" \/>\n<meta property=\"og:description\" content=\"Conoce las ventajas de los electrodom\u00e9sticos integrables respecto a los libres o panelables. Ahorro de espacio, dise\u00f1o, limpieza\u2026 \u00a1Inf\u00f3rmate aqu\u00ed!\" \/>\n<meta property=\"og:url\" content=\"https:\/\/www.frigicoll.es\/blog\/por-que-elegir-electrodomesticos-integrables-en-2020\/\" \/>\n<meta property=\"og:site_name\" content=\"Frigicoll - Blog\" \/>\n<meta property=\"article:published_time\" content=\"2019-10-22T07:46:14+00:00\" \/>\n<meta property=\"og:image\" content=\"https:\/\/www.frigicoll.es\/blog\/wp-content\/uploads\/2019\/10\/Electrodom\u00e9sticos-integrables-para-cocina.jpg\" \/>\n\t<meta property=\"og:image:width\" content=\"1920\" \/>\n\t<meta property=\"og:image:height\" content=\"1024\" \/>\n\t<meta property=\"og:image:type\" content=\"image\/jpeg\" \/>\n<meta name=\"author\" content=\"Laura Asensi\" \/>\n<meta name=\"twitter:card\" content=\"summary_large_image\" \/>\n<meta name=\"twitter:label1\" content=\"Escrito por\" \/>\n\t<meta name=\"twitter:data1\" content=\"Laura Asensi\" \/>\n\t<meta name=\"twitter:label2\" content=\"Tiempo de lectura\" \/>\n\t<meta name=\"twitter:data2\" content=\"2 minutos\" \/>\n<script type=\"application\/ld+json\" class=\"yoast-schema-graph\">{\"@context\":\"https:\/\/schema.org\",\"@graph\":[{\"@type\":\"WebPage\",\"@id\":\"https:\/\/www.frigicoll.es\/blog\/por-que-elegir-electrodomesticos-integrables-en-2020\/\",\"url\":\"https:\/\/www.frigicoll.es\/blog\/por-que-elegir-electrodomesticos-integrables-en-2020\/\",\"name\":\"Por qu\u00e9 elegir electrodom\u00e9sticos integrables en 2020 - Frigicoll - Blog\",\"isPartOf\":{\"@id\":\"https:\/\/www.frigicoll.es\/blog\/#website\"},\"datePublished\":\"2019-10-22T07:46:14+00:00\",\"dateModified\":\"2019-10-22T07:46:14+00:00\",\"author\":{\"@id\":\"https:\/\/www.frigicoll.es\/blog\/#\/schema\/person\/35170ecd0d03243d42a9bce1172b8350\"},\"description\":\"Conoce las ventajas de los electrodom\u00e9sticos integrables respecto a los libres o panelables. Ahorro de espacio, dise\u00f1o, limpieza\u2026 \u00a1Inf\u00f3rmate aqu\u00ed!\",\"breadcrumb\":{\"@id\":\"https:\/\/www.frigicoll.es\/blog\/por-que-elegir-electrodomesticos-integrables-en-2020\/#breadcrumb\"},\"inLanguage\":\"es\",\"potentialAction\":[{\"@type\":\"ReadAction\",\"target\":[\"https:\/\/www.frigicoll.es\/blog\/por-que-elegir-electrodomesticos-integrables-en-2020\/\"]}]},{\"@type\":\"BreadcrumbList\",\"@id\":\"https:\/\/www.frigicoll.es\/blog\/por-que-elegir-electrodomesticos-integrables-en-2020\/#breadcrumb\",\"itemListElement\":[{\"@type\":\"ListItem\",\"position\":1,\"name\":\"Portada\",\"item\":\"https:\/\/www.frigicoll.es\/blog\/\"},{\"@type\":\"ListItem\",\"position\":2,\"name\":\"Por qu\u00e9 elegir electrodom\u00e9sticos integrables en 2020\"}]},{\"@type\":\"WebSite\",\"@id\":\"https:\/\/www.frigicoll.es\/blog\/#website\",\"url\":\"https:\/\/www.frigicoll.es\/blog\/\",\"name\":\"Frigicoll - Blog\",\"description\":\"\",\"potentialAction\":[{\"@type\":\"SearchAction\",\"target\":{\"@type\":\"EntryPoint\",\"urlTemplate\":\"https:\/\/www.frigicoll.es\/blog\/?s={search_term_string}\"},\"query-input\":\"required name=search_term_string\"}],\"inLanguage\":\"es\"},{\"@type\":\"Person\",\"@id\":\"https:\/\/www.frigicoll.es\/blog\/#\/schema\/person\/35170ecd0d03243d42a9bce1172b8350\",\"name\":\"Laura Asensi\",\"image\":{\"@type\":\"ImageObject\",\"inLanguage\":\"es\",\"@id\":\"https:\/\/www.frigicoll.es\/blog\/#\/schema\/person\/image\/\",\"url\":\"https:\/\/secure.gravatar.com\/avatar\/baeddd2180181bd76d2cc84f214cd34d?s=96&d=mm&r=g\",\"contentUrl\":\"https:\/\/secure.gravatar.com\/avatar\/baeddd2180181bd76d2cc84f214cd34d?s=96&d=mm&r=g\",\"caption\":\"Laura Asensi\"},\"url\":\"https:\/\/www.frigicoll.es\/blog\/author\/laura\/\"}]}<\/script>\n<!-- \/ Yoast SEO plugin. -->","yoast_head_json":{"title":"Por qu\u00e9 elegir electrodom\u00e9sticos integrables en 2020 - Frigicoll - Blog","description":"Conoce las ventajas de los electrodom\u00e9sticos integrables respecto a los libres o panelables. Ahorro de espacio, dise\u00f1o, limpieza\u2026 \u00a1Inf\u00f3rmate aqu\u00ed!","robots":{"index":"index","follow":"follow","max-snippet":"max-snippet:-1","max-image-preview":"max-image-preview:large","max-video-preview":"max-video-preview:-1"},"canonical":"https:\/\/www.frigicoll.es\/blog\/por-que-elegir-electrodomesticos-integrables-en-2020\/","og_locale":"es_ES","og_type":"article","og_title":"Por qu\u00e9 elegir electrodom\u00e9sticos integrables en 2020 - Frigicoll - Blog","og_description":"Conoce las ventajas de los electrodom\u00e9sticos integrables respecto a los libres o panelables. Ahorro de espacio, dise\u00f1o, limpieza\u2026 \u00a1Inf\u00f3rmate aqu\u00ed!","og_url":"https:\/\/www.frigicoll.es\/blog\/por-que-elegir-electrodomesticos-integrables-en-2020\/","og_site_name":"Frigicoll - Blog","article_published_time":"2019-10-22T07:46:14+00:00","og_image":[{"width":1920,"height":1024,"url":"https:\/\/www.frigicoll.es\/blog\/wp-content\/uploads\/2019\/10\/Electrodom\u00e9sticos-integrables-para-cocina.jpg","type":"image\/jpeg"}],"author":"Laura Asensi","twitter_card":"summary_large_image","twitter_misc":{"Escrito por":"Laura Asensi","Tiempo de lectura":"2 minutos"},"schema":{"@context":"https:\/\/schema.org","@graph":[{"@type":"WebPage","@id":"https:\/\/www.frigicoll.es\/blog\/por-que-elegir-electrodomesticos-integrables-en-2020\/","url":"https:\/\/www.frigicoll.es\/blog\/por-que-elegir-electrodomesticos-integrables-en-2020\/","name":"Por qu\u00e9 elegir electrodom\u00e9sticos integrables en 2020 - Frigicoll - Blog","isPartOf":{"@id":"https:\/\/www.frigicoll.es\/blog\/#website"},"datePublished":"2019-10-22T07:46:14+00:00","dateModified":"2019-10-22T07:46:14+00:00","author":{"@id":"https:\/\/www.frigicoll.es\/blog\/#\/schema\/person\/35170ecd0d03243d42a9bce1172b8350"},"description":"Conoce las ventajas de los electrodom\u00e9sticos integrables respecto a los libres o panelables. Ahorro de espacio, dise\u00f1o, limpieza\u2026 \u00a1Inf\u00f3rmate aqu\u00ed!","breadcrumb":{"@id":"https:\/\/www.frigicoll.es\/blog\/por-que-elegir-electrodomesticos-integrables-en-2020\/#breadcrumb"},"inLanguage":"es","potentialAction":[{"@type":"ReadAction","target":["https:\/\/www.frigicoll.es\/blog\/por-que-elegir-electrodomesticos-integrables-en-2020\/"]}]},{"@type":"BreadcrumbList","@id":"https:\/\/www.frigicoll.es\/blog\/por-que-elegir-electrodomesticos-integrables-en-2020\/#breadcrumb","itemListElement":[{"@type":"ListItem","position":1,"name":"Portada","item":"https:\/\/www.frigicoll.es\/blog\/"},{"@type":"ListItem","position":2,"name":"Por qu\u00e9 elegir electrodom\u00e9sticos integrables en 2020"}]},{"@type":"WebSite","@id":"https:\/\/www.frigicoll.es\/blog\/#website","url":"https:\/\/www.frigicoll.es\/blog\/","name":"Frigicoll - Blog","description":"","potentialAction":[{"@type":"SearchAction","target":{"@type":"EntryPoint","urlTemplate":"https:\/\/www.frigicoll.es\/blog\/?s={search_term_string}"},"query-input":"required name=search_term_string"}],"inLanguage":"es"},{"@type":"Person","@id":"https:\/\/www.frigicoll.es\/blog\/#\/schema\/person\/35170ecd0d03243d42a9bce1172b8350","name":"Laura Asensi","image":{"@type":"ImageObject","inLanguage":"es","@id":"https:\/\/www.frigicoll.es\/blog\/#\/schema\/person\/image\/","url":"https:\/\/secure.gravatar.com\/avatar\/baeddd2180181bd76d2cc84f214cd34d?s=96&d=mm&r=g","contentUrl":"https:\/\/secure.gravatar.com\/avatar\/baeddd2180181bd76d2cc84f214cd34d?s=96&d=mm&r=g","caption":"Laura Asensi"},"url":"https:\/\/www.frigicoll.es\/blog\/author\/laura\/"}]}},"_links":{"self":[{"href":"https:\/\/www.frigicoll.es\/blog\/wp-json\/wp\/v2\/posts\/820"}],"collection":[{"href":"https:\/\/www.frigicoll.es\/blog\/wp-json\/wp\/v2\/posts"}],"about":[{"href":"https:\/\/www.frigicoll.es\/blog\/wp-json\/wp\/v2\/types\/post"}],"author":[{"embeddable":true,"href":"https:\/\/www.frigicoll.es\/blog\/wp-json\/wp\/v2\/users\/2"}],"replies":[{"embeddable":true,"href":"https:\/\/www.frigicoll.es\/blog\/wp-json\/wp\/v2\/comments?post=820"}],"version-history":[{"count":1,"href":"https:\/\/www.frigicoll.es\/blog\/wp-json\/wp\/v2\/posts\/820\/revisions"}],"predecessor-version":[{"id":825,"href":"https:\/\/www.frigicoll.es\/blog\/wp-json\/wp\/v2\/posts\/820\/revisions\/825"}],"wp:featuredmedia":[{"embeddable":true,"href":"https:\/\/www.frigicoll.es\/blog\/wp-json\/wp\/v2\/media\/824"}],"wp:attachment":[{"href":"https:\/\/www.frigicoll.es\/blog\/wp-json\/wp\/v2\/media?parent=820"}],"wp:term":[{"taxonomy":"category","embeddable":true,"href":"https:\/\/www.frigicoll.es\/blog\/wp-json\/wp\/v2\/categories?post=820"},{"taxonomy":"post_tag","embeddable":true,"href":"https:\/\/www.frigicoll.es\/blog\/wp-json\/wp\/v2\/tags?post=820"}],"curies":[{"name":"wp","href":"https:\/\/api.w.org\/{rel}","templated":true}]}}