{"id":759,"date":"2019-09-30T17:46:32","date_gmt":"2019-09-30T15:46:32","guid":{"rendered":"https:\/\/frigicoll.es\/blog\/?p=759"},"modified":"2019-09-30T17:46:32","modified_gmt":"2019-09-30T15:46:32","slug":"el-mejor-purificador-de-aire-para-alergicos-y-asmaticos","status":"publish","type":"post","link":"https:\/\/www.frigicoll.es\/blog\/el-mejor-purificador-de-aire-para-alergicos-y-asmaticos\/","title":{"rendered":"El mejor purificador de aire para al\u00e9rgicos y asm\u00e1ticos"},"content":{"rendered":"<p>Un<strong> purificador de aire<\/strong> no solo sirve para eliminar los malos olores en el hogar, especialmente en la cocina. Este dispositivo tambi\u00e9n es capaz de deshacerse de los elementos contaminantes que contiene el aire que respiramos, los pelos de los animales, el humo y otras part\u00edculas que causan <strong>alergias<\/strong>.<\/p>\n<p><img  loading=\"lazy\"  class=\"aligncenter size-full wp-image-763 pk-lazyload\"  src=\"data:image\/png;base64,iVBORw0KGgoAAAANSUhEUgAAAvgAAAG4AQMAAAAKXAFRAAAAA1BMVEUAAP+KeNJXAAAAAXRSTlMAQObYZgAAAAlwSFlzAAAOxAAADsQBlSsOGwAAAEBJREFUeNrtwQENAAAAwqD3T20ON6AAAAAAAAAAAAAAAAAAAAAAAAAAAAAAAAAAAAAAAAAAAAAAAAAAAAAAgFcDpQAAAb4sED8AAAAASUVORK5CYII=\"  alt=\"Purificador de aire para al\u00e9rgicos y asm\u00e1ticos\"  width=\"760\"  height=\"440\"  data-pk-sizes=\"auto\"  data-ls-sizes=\"(max-width: 760px) 100vw, 760px\"  data-pk-src=\"https:\/\/frigicoll.es\/blog\/wp-content\/uploads\/2019\/09\/Purificador-de-aire-para-al\u00e9rgicos-y-asm\u00e1ticos.jpg\"  data-pk-srcset=\"https:\/\/www.frigicoll.es\/blog\/wp-content\/uploads\/2019\/09\/Purificador-de-aire-para-al\u00e9rgicos-y-asm\u00e1ticos.jpg 760w, https:\/\/www.frigicoll.es\/blog\/wp-content\/uploads\/2019\/09\/Purificador-de-aire-para-al\u00e9rgicos-y-asm\u00e1ticos-300x174.jpg 300w, https:\/\/www.frigicoll.es\/blog\/wp-content\/uploads\/2019\/09\/Purificador-de-aire-para-al\u00e9rgicos-y-asm\u00e1ticos-380x220.jpg 380w\" ><\/p>\n<p>Por lo tanto, tal y como te explicamos en nuestro <a href=\"https:\/\/frigicoll.es\/blog\/para-que-sirve-un-purificador-de-aire-alergias-malos-olores\/\">art\u00edculo sobre para qu\u00e9 sirve un purificador de aire<\/a>, se trata de<strong> uno de los electrodom\u00e9sticos m\u00e1s recomendables para personas con problemas de alergia y asma<\/strong>. Poner fin a las \u00e9pocas de estornudos cada dos por tres, de secreci\u00f3n nasal o incluso de dificultad para respirar en tu propia casa es posible gracias a un purificador de aire.<\/p>\n<p>Hoy te vamos a presentar el que se considera el mejor purificador de aire para al\u00e9rgicos y asm\u00e1ticos: <a href=\"http:\/\/www.bellaria.falmec.com\/index.php\"><strong>Bellaria<\/strong> de la marca <strong>Falmec<\/strong><\/a>. No en vano ha sido galardonado con el European Product Desing Award.<\/p>\n<h2 id=\"caracteristicas-de-bellaria-el-purificador-ideal-para-alergias-y-asma\">Caracter\u00edsticas de Bellaria, el purificador ideal para alergias y asma<\/h2>\n<p><img  loading=\"lazy\"  class=\"aligncenter size-full wp-image-761 pk-lazyload\"  src=\"data:image\/png;base64,iVBORw0KGgoAAAANSUhEUgAAAqgAAAHCAQMAAAAZ8am+AAAAA1BMVEUAAP+KeNJXAAAAAXRSTlMAQObYZgAAAAlwSFlzAAAOxAAADsQBlSsOGwAAADtJREFUeNrtwQEBAAAAgiD\/r25IQAEAAAAAAAAAAAAAAAAAAAAAAAAAAAAAAAAAAAAAAAAAAAAAAADwbpcsAAFpvJRLAAAAAElFTkSuQmCC\"  alt=\"Bellaria Purificador de aire para al\u00e9rgicos\"  width=\"680\"  height=\"450\"  data-pk-sizes=\"auto\"  data-ls-sizes=\"(max-width: 680px) 100vw, 680px\"  data-pk-src=\"https:\/\/frigicoll.es\/blog\/wp-content\/uploads\/2019\/09\/Bellaria-Purificador-de-aire-para-al\u00e9rgicos.jpg\"  data-pk-srcset=\"https:\/\/www.frigicoll.es\/blog\/wp-content\/uploads\/2019\/09\/Bellaria-Purificador-de-aire-para-al\u00e9rgicos.jpg 680w, https:\/\/www.frigicoll.es\/blog\/wp-content\/uploads\/2019\/09\/Bellaria-Purificador-de-aire-para-al\u00e9rgicos-300x199.jpg 300w, https:\/\/www.frigicoll.es\/blog\/wp-content\/uploads\/2019\/09\/Bellaria-Purificador-de-aire-para-al\u00e9rgicos-380x251.jpg 380w\" ><\/p>\n<p>Bellaria es un innovador purificador de aire capaz de <strong>restablecer el equilibrio saludable del aire<\/strong> tanto en el hogar como en el trabajo, sitios donde no somos del todo conscientes que el aire puede estar contaminado y perjudica nuestra salud o acent\u00faa las alergias y el asma.<\/p>\n<p>El dispositivo integra la <a href=\"https:\/\/www.falmec.es\/es_es\/falmec_world\/eion_system:_las_unicas_campanas_que_sanean_el_aire-309.html\">exclusiva tecnolog\u00eda E.Ion de Falmec<\/a>, que es capaz de <strong>detectar autom\u00e1ticamente la calidad del aire<\/strong> e indicar el estado de este dispositivo luminoso en forma de hoja. Gracias a la ionizaci\u00f3n bipolar controlada de su sistema, Bellaria <strong>elimina olores, renueva el aire y restablece el equilibrio i\u00f3nico \u00f3ptimo para el bienestar<\/strong>.<\/p>\n<p>Seg\u00fan tests realizados por la Universidad de Padua, Bellaria consigue reducir un 85% la carga bacteriana de la atm\u00f3sfera cuando est\u00e1 activa. Adem\u00e1s, <strong>elimina hasta un 99% las part\u00edculas de polvo y los pelos de las mascotas<\/strong>, dos de los elementos que provocan m\u00e1s reacciones al\u00e9rgicas en casa.<\/p>\n<h2 id=\"el-diseno-de-bellaria-otro-de-sus-grandes-puntos-fuertes\">El dise\u00f1o de Bellaria, otro de sus grandes puntos fuertes<\/h2>\n<p><img  loading=\"lazy\"  class=\"aligncenter size-full wp-image-760 pk-lazyload\"  src=\"data:image\/png;base64,iVBORw0KGgoAAAANSUhEUgAAAqgAAAHCAQMAAAAZ8am+AAAAA1BMVEUAAP+KeNJXAAAAAXRSTlMAQObYZgAAAAlwSFlzAAAOxAAADsQBlSsOGwAAADtJREFUeNrtwQEBAAAAgiD\/r25IQAEAAAAAAAAAAAAAAAAAAAAAAAAAAAAAAAAAAAAAAAAAAAAAAADwbpcsAAFpvJRLAAAAAElFTkSuQmCC\"  alt=\"Bellaria purificador de aire Falmec\"  width=\"680\"  height=\"450\"  data-pk-sizes=\"auto\"  data-ls-sizes=\"(max-width: 680px) 100vw, 680px\"  data-pk-src=\"https:\/\/frigicoll.es\/blog\/wp-content\/uploads\/2019\/09\/Bellaria-purificador-de-aire-Falmec.jpg\"  data-pk-srcset=\"https:\/\/www.frigicoll.es\/blog\/wp-content\/uploads\/2019\/09\/Bellaria-purificador-de-aire-Falmec.jpg 680w, https:\/\/www.frigicoll.es\/blog\/wp-content\/uploads\/2019\/09\/Bellaria-purificador-de-aire-Falmec-300x199.jpg 300w, https:\/\/www.frigicoll.es\/blog\/wp-content\/uploads\/2019\/09\/Bellaria-purificador-de-aire-Falmec-380x251.jpg 380w\" ><\/p>\n<p>El elegante dise\u00f1o minimalista de Bellaria recibi\u00f3 el <a href=\"https:\/\/www.falmec.es\/es_es\/news\/bellaria_de_falmec_laureada_con_el_european_product_design_award-772.html\">premio de Plata en la categor\u00eda \u201cBienestar y Productos Relajantes\u201d de la edici\u00f3n de 2017 de los European Product Design Award<\/a>, que cada a\u00f1o premian los<strong> mejores productos por su grado de innovaci\u00f3n, respeto por el medio ambiente y caracter\u00edsticas t\u00e9cnicas.<\/strong><\/p>\n<p>Bellaria destaca por su <strong>estructura de vidrio de Murano<\/strong> hecha a mano inspirada en las creaciones de los maestros venecianos, aportando elegancia con una personalidad \u00fanica. Tambi\u00e9n es muy notable su iluminaci\u00f3n LED regulable, que permite crear un ambiente acogedor en el hogar.<\/p>\n<p>Como puedes comprobar, <strong>Bellaria<\/strong> no solo es el mejor purificador de aire para al\u00e9rgicos y asm\u00e1ticos por sus prestaciones, sino que su dise\u00f1o tambi\u00e9n lo convierte en un aparato decorativo y original. \u00bfA qu\u00e9 esperas para mejorar tu calidad de vida?<\/p>\n","protected":false},"excerpt":{"rendered":"Un purificador de aire no solo sirve para eliminar los malos olores en el hogar, especialmente en la cocina. Este dispositivo tambi\u00e9n es capaz de deshacerse de los elementos contaminantes que contiene el aire que respiramos, los pelos de los animales, el humo y otras part\u00edculas que causan alergias. Por&hellip;\n","protected":false},"author":2,"featured_media":762,"comment_status":"closed","ping_status":"open","sticky":false,"template":"","format":"standard","meta":[],"categories":[8],"tags":[],"yoast_head":"<!-- This site is optimized with the Yoast SEO plugin v19.12 - https:\/\/yoast.com\/wordpress\/plugins\/seo\/ -->\n<title>El mejor purificador de aire para al\u00e9rgicos y asm\u00e1ticos - Frigicoll - Blog<\/title>\n<meta name=\"description\" content=\"Si tienes problemas de alergias o asma, haz clic aqu\u00ed. Conoce Bellaria, el mejor purificador de aire para el hogar por sus prestaciones, eficacia y dise\u00f1o.\" \/>\n<meta name=\"robots\" content=\"index, follow, max-snippet:-1, max-image-preview:large, max-video-preview:-1\" \/>\n<link rel=\"canonical\" href=\"https:\/\/www.frigicoll.es\/blog\/el-mejor-purificador-de-aire-para-alergicos-y-asmaticos\/\" \/>\n<meta property=\"og:locale\" content=\"es_ES\" \/>\n<meta property=\"og:type\" content=\"article\" \/>\n<meta property=\"og:title\" content=\"El mejor purificador de aire para al\u00e9rgicos y asm\u00e1ticos - Frigicoll - Blog\" \/>\n<meta property=\"og:description\" content=\"Si tienes problemas de alergias o asma, haz clic aqu\u00ed. Conoce Bellaria, el mejor purificador de aire para el hogar por sus prestaciones, eficacia y dise\u00f1o.\" \/>\n<meta property=\"og:url\" content=\"https:\/\/www.frigicoll.es\/blog\/el-mejor-purificador-de-aire-para-alergicos-y-asmaticos\/\" \/>\n<meta property=\"og:site_name\" content=\"Frigicoll - Blog\" \/>\n<meta property=\"article:published_time\" content=\"2019-09-30T15:46:32+00:00\" \/>\n<meta property=\"og:image\" content=\"https:\/\/www.frigicoll.es\/blog\/wp-content\/uploads\/2019\/09\/El-mejor-purificador-de-aire-para-al\u00e9rgicos-y-asm\u00e1ticos.jpg\" \/>\n\t<meta property=\"og:image:width\" content=\"1920\" \/>\n\t<meta property=\"og:image:height\" content=\"1024\" \/>\n\t<meta property=\"og:image:type\" content=\"image\/jpeg\" \/>\n<meta name=\"author\" content=\"Laura Asensi\" \/>\n<meta name=\"twitter:card\" content=\"summary_large_image\" \/>\n<meta name=\"twitter:label1\" content=\"Escrito por\" \/>\n\t<meta name=\"twitter:data1\" content=\"Laura Asensi\" \/>\n\t<meta name=\"twitter:label2\" content=\"Tiempo de lectura\" \/>\n\t<meta name=\"twitter:data2\" content=\"2 minutos\" \/>\n<script type=\"application\/ld+json\" class=\"yoast-schema-graph\">{\"@context\":\"https:\/\/schema.org\",\"@graph\":[{\"@type\":\"WebPage\",\"@id\":\"https:\/\/www.frigicoll.es\/blog\/el-mejor-purificador-de-aire-para-alergicos-y-asmaticos\/\",\"url\":\"https:\/\/www.frigicoll.es\/blog\/el-mejor-purificador-de-aire-para-alergicos-y-asmaticos\/\",\"name\":\"El mejor purificador de aire para al\u00e9rgicos y asm\u00e1ticos - Frigicoll - Blog\",\"isPartOf\":{\"@id\":\"https:\/\/www.frigicoll.es\/blog\/#website\"},\"datePublished\":\"2019-09-30T15:46:32+00:00\",\"dateModified\":\"2019-09-30T15:46:32+00:00\",\"author\":{\"@id\":\"https:\/\/www.frigicoll.es\/blog\/#\/schema\/person\/35170ecd0d03243d42a9bce1172b8350\"},\"description\":\"Si tienes problemas de alergias o asma, haz clic aqu\u00ed. Conoce Bellaria, el mejor purificador de aire para el hogar por sus prestaciones, eficacia y dise\u00f1o.\",\"breadcrumb\":{\"@id\":\"https:\/\/www.frigicoll.es\/blog\/el-mejor-purificador-de-aire-para-alergicos-y-asmaticos\/#breadcrumb\"},\"inLanguage\":\"es\",\"potentialAction\":[{\"@type\":\"ReadAction\",\"target\":[\"https:\/\/www.frigicoll.es\/blog\/el-mejor-purificador-de-aire-para-alergicos-y-asmaticos\/\"]}]},{\"@type\":\"BreadcrumbList\",\"@id\":\"https:\/\/www.frigicoll.es\/blog\/el-mejor-purificador-de-aire-para-alergicos-y-asmaticos\/#breadcrumb\",\"itemListElement\":[{\"@type\":\"ListItem\",\"position\":1,\"name\":\"Portada\",\"item\":\"https:\/\/www.frigicoll.es\/blog\/\"},{\"@type\":\"ListItem\",\"position\":2,\"name\":\"El mejor purificador de aire para al\u00e9rgicos y asm\u00e1ticos\"}]},{\"@type\":\"WebSite\",\"@id\":\"https:\/\/www.frigicoll.es\/blog\/#website\",\"url\":\"https:\/\/www.frigicoll.es\/blog\/\",\"name\":\"Frigicoll - Blog\",\"description\":\"\",\"potentialAction\":[{\"@type\":\"SearchAction\",\"target\":{\"@type\":\"EntryPoint\",\"urlTemplate\":\"https:\/\/www.frigicoll.es\/blog\/?s={search_term_string}\"},\"query-input\":\"required name=search_term_string\"}],\"inLanguage\":\"es\"},{\"@type\":\"Person\",\"@id\":\"https:\/\/www.frigicoll.es\/blog\/#\/schema\/person\/35170ecd0d03243d42a9bce1172b8350\",\"name\":\"Laura Asensi\",\"image\":{\"@type\":\"ImageObject\",\"inLanguage\":\"es\",\"@id\":\"https:\/\/www.frigicoll.es\/blog\/#\/schema\/person\/image\/\",\"url\":\"https:\/\/secure.gravatar.com\/avatar\/baeddd2180181bd76d2cc84f214cd34d?s=96&d=mm&r=g\",\"contentUrl\":\"https:\/\/secure.gravatar.com\/avatar\/baeddd2180181bd76d2cc84f214cd34d?s=96&d=mm&r=g\",\"caption\":\"Laura Asensi\"},\"url\":\"https:\/\/www.frigicoll.es\/blog\/author\/laura\/\"}]}<\/script>\n<!-- \/ Yoast SEO plugin. -->","yoast_head_json":{"title":"El mejor purificador de aire para al\u00e9rgicos y asm\u00e1ticos - Frigicoll - Blog","description":"Si tienes problemas de alergias o asma, haz clic aqu\u00ed. Conoce Bellaria, el mejor purificador de aire para el hogar por sus prestaciones, eficacia y dise\u00f1o.","robots":{"index":"index","follow":"follow","max-snippet":"max-snippet:-1","max-image-preview":"max-image-preview:large","max-video-preview":"max-video-preview:-1"},"canonical":"https:\/\/www.frigicoll.es\/blog\/el-mejor-purificador-de-aire-para-alergicos-y-asmaticos\/","og_locale":"es_ES","og_type":"article","og_title":"El mejor purificador de aire para al\u00e9rgicos y asm\u00e1ticos - Frigicoll - Blog","og_description":"Si tienes problemas de alergias o asma, haz clic aqu\u00ed. Conoce Bellaria, el mejor purificador de aire para el hogar por sus prestaciones, eficacia y dise\u00f1o.","og_url":"https:\/\/www.frigicoll.es\/blog\/el-mejor-purificador-de-aire-para-alergicos-y-asmaticos\/","og_site_name":"Frigicoll - Blog","article_published_time":"2019-09-30T15:46:32+00:00","og_image":[{"width":1920,"height":1024,"url":"https:\/\/www.frigicoll.es\/blog\/wp-content\/uploads\/2019\/09\/El-mejor-purificador-de-aire-para-al\u00e9rgicos-y-asm\u00e1ticos.jpg","type":"image\/jpeg"}],"author":"Laura Asensi","twitter_card":"summary_large_image","twitter_misc":{"Escrito por":"Laura Asensi","Tiempo de lectura":"2 minutos"},"schema":{"@context":"https:\/\/schema.org","@graph":[{"@type":"WebPage","@id":"https:\/\/www.frigicoll.es\/blog\/el-mejor-purificador-de-aire-para-alergicos-y-asmaticos\/","url":"https:\/\/www.frigicoll.es\/blog\/el-mejor-purificador-de-aire-para-alergicos-y-asmaticos\/","name":"El mejor purificador de aire para al\u00e9rgicos y asm\u00e1ticos - Frigicoll - Blog","isPartOf":{"@id":"https:\/\/www.frigicoll.es\/blog\/#website"},"datePublished":"2019-09-30T15:46:32+00:00","dateModified":"2019-09-30T15:46:32+00:00","author":{"@id":"https:\/\/www.frigicoll.es\/blog\/#\/schema\/person\/35170ecd0d03243d42a9bce1172b8350"},"description":"Si tienes problemas de alergias o asma, haz clic aqu\u00ed. Conoce Bellaria, el mejor purificador de aire para el hogar por sus prestaciones, eficacia y dise\u00f1o.","breadcrumb":{"@id":"https:\/\/www.frigicoll.es\/blog\/el-mejor-purificador-de-aire-para-alergicos-y-asmaticos\/#breadcrumb"},"inLanguage":"es","potentialAction":[{"@type":"ReadAction","target":["https:\/\/www.frigicoll.es\/blog\/el-mejor-purificador-de-aire-para-alergicos-y-asmaticos\/"]}]},{"@type":"BreadcrumbList","@id":"https:\/\/www.frigicoll.es\/blog\/el-mejor-purificador-de-aire-para-alergicos-y-asmaticos\/#breadcrumb","itemListElement":[{"@type":"ListItem","position":1,"name":"Portada","item":"https:\/\/www.frigicoll.es\/blog\/"},{"@type":"ListItem","position":2,"name":"El mejor purificador de aire para al\u00e9rgicos y asm\u00e1ticos"}]},{"@type":"WebSite","@id":"https:\/\/www.frigicoll.es\/blog\/#website","url":"https:\/\/www.frigicoll.es\/blog\/","name":"Frigicoll - Blog","description":"","potentialAction":[{"@type":"SearchAction","target":{"@type":"EntryPoint","urlTemplate":"https:\/\/www.frigicoll.es\/blog\/?s={search_term_string}"},"query-input":"required name=search_term_string"}],"inLanguage":"es"},{"@type":"Person","@id":"https:\/\/www.frigicoll.es\/blog\/#\/schema\/person\/35170ecd0d03243d42a9bce1172b8350","name":"Laura Asensi","image":{"@type":"ImageObject","inLanguage":"es","@id":"https:\/\/www.frigicoll.es\/blog\/#\/schema\/person\/image\/","url":"https:\/\/secure.gravatar.com\/avatar\/baeddd2180181bd76d2cc84f214cd34d?s=96&d=mm&r=g","contentUrl":"https:\/\/secure.gravatar.com\/avatar\/baeddd2180181bd76d2cc84f214cd34d?s=96&d=mm&r=g","caption":"Laura Asensi"},"url":"https:\/\/www.frigicoll.es\/blog\/author\/laura\/"}]}},"_links":{"self":[{"href":"https:\/\/www.frigicoll.es\/blog\/wp-json\/wp\/v2\/posts\/759"}],"collection":[{"href":"https:\/\/www.frigicoll.es\/blog\/wp-json\/wp\/v2\/posts"}],"about":[{"href":"https:\/\/www.frigicoll.es\/blog\/wp-json\/wp\/v2\/types\/post"}],"author":[{"embeddable":true,"href":"https:\/\/www.frigicoll.es\/blog\/wp-json\/wp\/v2\/users\/2"}],"replies":[{"embeddable":true,"href":"https:\/\/www.frigicoll.es\/blog\/wp-json\/wp\/v2\/comments?post=759"}],"version-history":[{"count":2,"href":"https:\/\/www.frigicoll.es\/blog\/wp-json\/wp\/v2\/posts\/759\/revisions"}],"predecessor-version":[{"id":765,"href":"https:\/\/www.frigicoll.es\/blog\/wp-json\/wp\/v2\/posts\/759\/revisions\/765"}],"wp:featuredmedia":[{"embeddable":true,"href":"https:\/\/www.frigicoll.es\/blog\/wp-json\/wp\/v2\/media\/762"}],"wp:attachment":[{"href":"https:\/\/www.frigicoll.es\/blog\/wp-json\/wp\/v2\/media?parent=759"}],"wp:term":[{"taxonomy":"category","embeddable":true,"href":"https:\/\/www.frigicoll.es\/blog\/wp-json\/wp\/v2\/categories?post=759"},{"taxonomy":"post_tag","embeddable":true,"href":"https:\/\/www.frigicoll.es\/blog\/wp-json\/wp\/v2\/tags?post=759"}],"curies":[{"name":"wp","href":"https:\/\/api.w.org\/{rel}","templated":true}]}}