{"id":1496,"date":"2021-07-15T11:05:19","date_gmt":"2021-07-15T09:05:19","guid":{"rendered":"https:\/\/www.frigicoll.es\/blog\/?p=1496"},"modified":"2021-07-15T11:05:27","modified_gmt":"2021-07-15T09:05:27","slug":"gazpacho-andaluz","status":"publish","type":"post","link":"https:\/\/www.frigicoll.es\/blog\/gazpacho-andaluz\/","title":{"rendered":"GAZPACHO ANDALUZ"},"content":{"rendered":"<p aria-level=\"3\"><img  loading=\"lazy\"  class=\"size-medium wp-image-1497 aligncenter pk-lazyload\"  src=\"data:image\/png;base64,iVBORw0KGgoAAAANSUhEUgAAAMgAAAEsAQMAAAC8NG79AAAAA1BMVEUAAP+KeNJXAAAAAXRSTlMAQObYZgAAAAlwSFlzAAAOxAAADsQBlSsOGwAAAB5JREFUWMPtwTEBAAAAwqD1T20Hb6AAAAAAAAAA4DceeAABFyjdmQAAAABJRU5ErkJggg==\"  alt=\"\"  width=\"200\"  height=\"300\"  data-pk-sizes=\"auto\"  data-ls-sizes=\"(max-width: 200px) 100vw, 200px\"  data-pk-src=\"https:\/\/www.frigicoll.es\/blog\/wp-content\/uploads\/2021\/07\/gazpacho-200x300.jpg\"  data-pk-srcset=\"https:\/\/www.frigicoll.es\/blog\/wp-content\/uploads\/2021\/07\/gazpacho-200x300.jpg 200w, https:\/\/www.frigicoll.es\/blog\/wp-content\/uploads\/2021\/07\/gazpacho-683x1024.jpg 683w, https:\/\/www.frigicoll.es\/blog\/wp-content\/uploads\/2021\/07\/gazpacho-768x1152.jpg 768w, https:\/\/www.frigicoll.es\/blog\/wp-content\/uploads\/2021\/07\/gazpacho-1024x1536.jpg 1024w, https:\/\/www.frigicoll.es\/blog\/wp-content\/uploads\/2021\/07\/gazpacho-1365x2048.jpg 1365w, https:\/\/www.frigicoll.es\/blog\/wp-content\/uploads\/2021\/07\/gazpacho-380x570.jpg 380w, https:\/\/www.frigicoll.es\/blog\/wp-content\/uploads\/2021\/07\/gazpacho-800x1200.jpg 800w, https:\/\/www.frigicoll.es\/blog\/wp-content\/uploads\/2021\/07\/gazpacho-1160x1740.jpg 1160w, https:\/\/www.frigicoll.es\/blog\/wp-content\/uploads\/2021\/07\/gazpacho-scaled.jpg 1706w\" ><\/p>\n<p aria-level=\"3\"><b><span data-contrast=\"auto\">Ingredientes del gazpacho<\/span><\/b><span data-ccp-props=\"{&quot;201341983&quot;:0,&quot;335559738&quot;:40,&quot;335559739&quot;:0,&quot;335559740&quot;:259}\">\u00a0<\/span><\/p>\n<ul>\n<li data-leveltext=\"\uf0b7\" data-font=\"Symbol\" data-listid=\"1\" aria-setsize=\"-1\" data-aria-posinset=\"1\" data-aria-level=\"1\"><span data-contrast=\"none\">1 kilo de tomates maduros<\/span><span data-ccp-props=\"{&quot;134233279&quot;:true,&quot;201341983&quot;:0,&quot;335551550&quot;:1,&quot;335551620&quot;:1,&quot;335559739&quot;:160,&quot;335559740&quot;:259}\">\u00a0<\/span><\/li>\n<\/ul>\n<ul>\n<li data-leveltext=\"\uf0b7\" data-font=\"Symbol\" data-listid=\"1\" aria-setsize=\"-1\" data-aria-posinset=\"1\" data-aria-level=\"1\"><span data-contrast=\"none\">1 pimiento verde<\/span><span data-ccp-props=\"{&quot;134233279&quot;:true,&quot;201341983&quot;:0,&quot;335551550&quot;:1,&quot;335551620&quot;:1,&quot;335559739&quot;:160,&quot;335559740&quot;:259}\">\u00a0<\/span><\/li>\n<li data-leveltext=\"\uf0b7\" data-font=\"Symbol\" data-listid=\"1\" aria-setsize=\"-1\" data-aria-posinset=\"2\" data-aria-level=\"1\"><span data-contrast=\"none\">1 pepino<\/span><span data-ccp-props=\"{&quot;134233279&quot;:true,&quot;201341983&quot;:0,&quot;335551550&quot;:1,&quot;335551620&quot;:1,&quot;335559739&quot;:160,&quot;335559740&quot;:259}\">\u00a0<\/span><\/li>\n<li data-leveltext=\"\uf0b7\" data-font=\"Symbol\" data-listid=\"1\" aria-setsize=\"-1\" data-aria-posinset=\"3\" data-aria-level=\"1\"><span data-contrast=\"none\">1 cebolleta (o \u00bc de cebolla)<\/span><span data-ccp-props=\"{&quot;134233279&quot;:true,&quot;201341983&quot;:0,&quot;335551550&quot;:1,&quot;335551620&quot;:1,&quot;335559739&quot;:160,&quot;335559740&quot;:259}\">\u00a0<\/span><\/li>\n<li data-leveltext=\"\uf0b7\" data-font=\"Symbol\" data-listid=\"1\" aria-setsize=\"-1\" data-aria-posinset=\"4\" data-aria-level=\"1\"><span data-contrast=\"none\">1 diente de ajo<\/span><span data-ccp-props=\"{&quot;134233279&quot;:true,&quot;201341983&quot;:0,&quot;335551550&quot;:1,&quot;335551620&quot;:1,&quot;335559739&quot;:160,&quot;335559740&quot;:259}\">\u00a0<\/span><\/li>\n<li data-leveltext=\"\uf0b7\" data-font=\"Symbol\" data-listid=\"1\" aria-setsize=\"-1\" data-aria-posinset=\"5\" data-aria-level=\"1\"><span data-contrast=\"none\">1 rebanada de pan (unos 50 g)<\/span><span data-ccp-props=\"{&quot;134233279&quot;:true,&quot;201341983&quot;:0,&quot;335551550&quot;:1,&quot;335551620&quot;:1,&quot;335559739&quot;:160,&quot;335559740&quot;:259}\">\u00a0<\/span><\/li>\n<\/ul>\n<ul>\n<li data-leveltext=\"\uf0b7\" data-font=\"Symbol\" data-listid=\"1\" aria-setsize=\"-1\" data-aria-posinset=\"1\" data-aria-level=\"1\"><span data-contrast=\"none\">1 cucharadita de sal<\/span><span data-ccp-props=\"{&quot;134233279&quot;:true,&quot;201341983&quot;:0,&quot;335551550&quot;:1,&quot;335551620&quot;:1,&quot;335559739&quot;:160,&quot;335559740&quot;:259}\">\u00a0<\/span><\/li>\n<li data-leveltext=\"\uf0b7\" data-font=\"Symbol\" data-listid=\"1\" aria-setsize=\"-1\" data-aria-posinset=\"2\" data-aria-level=\"1\"><span data-contrast=\"none\">2 cucharadas de vinagre<\/span><span data-ccp-props=\"{&quot;134233279&quot;:true,&quot;201341983&quot;:0,&quot;335551550&quot;:1,&quot;335551620&quot;:1,&quot;335559739&quot;:160,&quot;335559740&quot;:259}\">\u00a0<\/span><\/li>\n<li data-leveltext=\"\uf0b7\" data-font=\"Symbol\" data-listid=\"1\" aria-setsize=\"-1\" data-aria-posinset=\"3\" data-aria-level=\"1\"><span data-contrast=\"none\">3 cucharadas de aceite de oliva virgen extra<\/span><span data-ccp-props=\"{&quot;134233279&quot;:true,&quot;201341983&quot;:0,&quot;335551550&quot;:1,&quot;335551620&quot;:1,&quot;335559739&quot;:160,&quot;335559740&quot;:259}\">\u00a0<\/span><\/li>\n<\/ul>\n<p><span data-ccp-props=\"{&quot;201341983&quot;:0,&quot;335559739&quot;:160,&quot;335559740&quot;:259}\">\u00a0<\/span><\/p>\n<p aria-level=\"3\"><b><span data-contrast=\"auto\">Preparaci\u00f3n<\/span><\/b><span data-ccp-props=\"{&quot;201341983&quot;:0,&quot;335551550&quot;:6,&quot;335551620&quot;:6,&quot;335559738&quot;:40,&quot;335559739&quot;:0,&quot;335559740&quot;:259}\">\u00a0<\/span><\/p>\n<p><span data-ccp-props=\"{&quot;201341983&quot;:0,&quot;335551550&quot;:6,&quot;335551620&quot;:6,&quot;335559739&quot;:160,&quot;335559740&quot;:259}\">\u00a0<\/span><\/p>\n<ul>\n<li data-leveltext=\"\uf0b7\" data-font=\"Symbol\" data-listid=\"1\" aria-setsize=\"-1\" data-aria-posinset=\"1\" data-aria-level=\"1\"><span data-contrast=\"none\">Lavamos muy bien los tomates y el pimiento ya que los vamos a triturar con piel.<\/span><span data-ccp-props=\"{&quot;134233279&quot;:true,&quot;201341983&quot;:0,&quot;335551550&quot;:6,&quot;335551620&quot;:6,&quot;335559685&quot;:720,&quot;335559737&quot;:0,&quot;335559739&quot;:160,&quot;335559740&quot;:259,&quot;335559991&quot;:360}\">\u00a0<\/span><\/li>\n<li data-leveltext=\"\uf0b7\" data-font=\"Symbol\" data-listid=\"1\" aria-setsize=\"-1\" data-aria-posinset=\"2\" data-aria-level=\"1\"><span data-contrast=\"none\">Ponemos en el vaso de la batidora o si ten\u00e9is un robot de cocina o vaso americano, el pimiento troceado, el tomate troceado, el pepino pelado y troceado, el pan y la cebolleta pelada y en cuartos.<\/span><span data-ccp-props=\"{&quot;134233279&quot;:true,&quot;201341983&quot;:0,&quot;335551550&quot;:6,&quot;335551620&quot;:6,&quot;335559685&quot;:720,&quot;335559737&quot;:0,&quot;335559739&quot;:160,&quot;335559740&quot;:259,&quot;335559991&quot;:360}\">\u00a0<\/span><\/li>\n<li data-leveltext=\"\uf0b7\" data-font=\"Symbol\" data-listid=\"1\" aria-setsize=\"-1\" data-aria-posinset=\"3\" data-aria-level=\"1\"><span data-contrast=\"none\">A\u00f1adimos la sal y el vinagre<\/span><span data-ccp-props=\"{&quot;134233279&quot;:true,&quot;201341983&quot;:0,&quot;335551550&quot;:6,&quot;335551620&quot;:6,&quot;335559685&quot;:720,&quot;335559737&quot;:0,&quot;335559739&quot;:160,&quot;335559740&quot;:259,&quot;335559991&quot;:360}\">\u00a0<\/span><\/li>\n<li data-leveltext=\"\uf0b7\" data-font=\"Symbol\" data-listid=\"1\" aria-setsize=\"-1\" data-aria-posinset=\"4\" data-aria-level=\"1\"><span data-contrast=\"none\">Trituramos todo durante varios minutos hasta obtener una crema muy fina.<\/span><span data-ccp-props=\"{&quot;134233279&quot;:true,&quot;201341983&quot;:0,&quot;335551550&quot;:6,&quot;335551620&quot;:6,&quot;335559685&quot;:720,&quot;335559737&quot;:0,&quot;335559739&quot;:160,&quot;335559740&quot;:259,&quot;335559991&quot;:360}\">\u00a0<\/span><\/li>\n<\/ul>\n<ul>\n<li data-leveltext=\"\uf0b7\" data-font=\"Symbol\" data-listid=\"1\" aria-setsize=\"-1\" data-aria-posinset=\"1\" data-aria-level=\"1\"><span data-contrast=\"none\">A\u00f1adimos un poco de aceite de oliva virgen extra y mezclamos de nuevo.<\/span><span data-ccp-props=\"{&quot;134233279&quot;:true,&quot;201341983&quot;:0,&quot;335551550&quot;:6,&quot;335551620&quot;:6,&quot;335559685&quot;:720,&quot;335559737&quot;:0,&quot;335559739&quot;:160,&quot;335559740&quot;:259,&quot;335559991&quot;:360}\">\u00a0<\/span><\/li>\n<li data-leveltext=\"\uf0b7\" data-font=\"Symbol\" data-listid=\"1\" aria-setsize=\"-1\" data-aria-posinset=\"2\" data-aria-level=\"1\"><span data-contrast=\"none\">En este momento lo pod\u00e9is servir as\u00ed o si lo quer\u00e9is m\u00e1s l\u00edquido, a\u00f1adid agua y mezclad todo de nuevo.<\/span><span data-ccp-props=\"{&quot;134233279&quot;:true,&quot;201341983&quot;:0,&quot;335551550&quot;:6,&quot;335551620&quot;:6,&quot;335559685&quot;:720,&quot;335559737&quot;:0,&quot;335559739&quot;:160,&quot;335559740&quot;:259,&quot;335559991&quot;:360}\">\u00a0<\/span><\/li>\n<li data-leveltext=\"\uf0b7\" data-font=\"Symbol\" data-listid=\"1\" aria-setsize=\"-1\" data-aria-posinset=\"3\" data-aria-level=\"1\"><span data-contrast=\"none\">Ya s\u00f3lo queda meterlo en el frigor\u00edfico y dejar que se enfr\u00ede.<\/span><span data-ccp-props=\"{&quot;134233279&quot;:true,&quot;201341983&quot;:0,&quot;335551550&quot;:6,&quot;335551620&quot;:6,&quot;335559685&quot;:720,&quot;335559737&quot;:0,&quot;335559739&quot;:160,&quot;335559740&quot;:259,&quot;335559991&quot;:360}\">\u00a0<\/span><\/li>\n<li data-leveltext=\"\uf0b7\" data-font=\"Symbol\" data-listid=\"1\" aria-setsize=\"-1\" data-aria-posinset=\"4\" data-aria-level=\"1\"><span data-contrast=\"none\">Mezclar de nuevo a la hora de servir.<\/span><span data-ccp-props=\"{&quot;134233279&quot;:true,&quot;201341983&quot;:0,&quot;335551550&quot;:6,&quot;335551620&quot;:6,&quot;335559685&quot;:720,&quot;335559737&quot;:0,&quot;335559739&quot;:160,&quot;335559740&quot;:259,&quot;335559991&quot;:360}\">\u00a0<\/span><\/li>\n<li data-leveltext=\"\uf0b7\" data-font=\"Symbol\" data-listid=\"1\" aria-setsize=\"-1\" data-aria-posinset=\"5\" data-aria-level=\"1\"><span data-contrast=\"none\">Servir en un bol de boca ancha o plato sopero y a\u00f1adimos trocitos de pimiento, tomate y pepino. Tambi\u00e9n podemos a\u00f1adir un par de hojas de albahaca para decorar y picatostes de pan.<\/span><span data-ccp-props=\"{&quot;134233279&quot;:true,&quot;201341983&quot;:0,&quot;335551550&quot;:6,&quot;335551620&quot;:6,&quot;335559685&quot;:720,&quot;335559737&quot;:0,&quot;335559739&quot;:160,&quot;335559740&quot;:259,&quot;335559991&quot;:360}\">\u00a0<\/span><\/li>\n<\/ul>\n<p><span data-ccp-props=\"{&quot;201341983&quot;:0,&quot;335551550&quot;:6,&quot;335551620&quot;:6,&quot;335559739&quot;:160,&quot;335559740&quot;:259}\">\u00a0<\/span><\/p>\n","protected":false},"excerpt":{"rendered":"Ingredientes del gazpacho\u00a0 1 kilo de tomates maduros\u00a0 1 pimiento verde\u00a0 1 pepino\u00a0 1 cebolleta (o \u00bc de cebolla)\u00a0 1 diente de ajo\u00a0 1 rebanada de pan (unos 50 g)\u00a0 1 cucharadita de sal\u00a0 2 cucharadas de vinagre\u00a0 3 cucharadas de aceite de oliva virgen extra\u00a0 \u00a0 Preparaci\u00f3n\u00a0 \u00a0 Lavamos&hellip;\n","protected":false},"author":5,"featured_media":1497,"comment_status":"open","ping_status":"open","sticky":false,"template":"","format":"standard","meta":[],"categories":[3,1],"tags":[],"yoast_head":"<!-- This site is optimized with the Yoast SEO plugin v19.12 - https:\/\/yoast.com\/wordpress\/plugins\/seo\/ -->\n<title>GAZPACHO ANDALUZ - Frigicoll - Blog Receta tradicional veranoSin categoria<\/title>\n<meta name=\"robots\" content=\"index, follow, max-snippet:-1, max-image-preview:large, max-video-preview:-1\" \/>\n<link rel=\"canonical\" href=\"https:\/\/www.frigicoll.es\/blog\/gazpacho-andaluz\/\" \/>\n<meta property=\"og:locale\" content=\"es_ES\" \/>\n<meta property=\"og:type\" content=\"article\" \/>\n<meta property=\"og:title\" content=\"GAZPACHO ANDALUZ - Frigicoll - Blog Receta tradicional veranoSin categoria\" \/>\n<meta property=\"og:description\" content=\"Ingredientes del gazpacho\u00a0 1 kilo de tomates maduros\u00a0 1 pimiento verde\u00a0 1 pepino\u00a0 1 cebolleta (o \u00bc de cebolla)\u00a0 1 diente de ajo\u00a0 1 rebanada de pan (unos 50 g)\u00a0 1 cucharadita de sal\u00a0 2 cucharadas de vinagre\u00a0 3 cucharadas de aceite de oliva virgen extra\u00a0 \u00a0 Preparaci\u00f3n\u00a0 \u00a0 Lavamos&hellip;\" \/>\n<meta property=\"og:url\" content=\"https:\/\/www.frigicoll.es\/blog\/gazpacho-andaluz\/\" \/>\n<meta property=\"og:site_name\" content=\"Frigicoll - Blog\" \/>\n<meta property=\"article:published_time\" content=\"2021-07-15T09:05:19+00:00\" \/>\n<meta property=\"article:modified_time\" content=\"2021-07-15T09:05:27+00:00\" \/>\n<meta property=\"og:image\" content=\"https:\/\/www.frigicoll.es\/blog\/wp-content\/uploads\/2021\/07\/gazpacho-scaled.jpg\" \/>\n\t<meta property=\"og:image:width\" content=\"1706\" \/>\n\t<meta property=\"og:image:height\" content=\"2560\" \/>\n\t<meta property=\"og:image:type\" content=\"image\/jpeg\" \/>\n<meta name=\"author\" content=\"artesans\" \/>\n<meta name=\"twitter:card\" content=\"summary_large_image\" \/>\n<meta name=\"twitter:label1\" content=\"Escrito por\" \/>\n\t<meta name=\"twitter:data1\" content=\"artesans\" \/>\n\t<meta name=\"twitter:label2\" content=\"Tiempo de lectura\" \/>\n\t<meta name=\"twitter:data2\" content=\"1 minuto\" \/>\n<script type=\"application\/ld+json\" class=\"yoast-schema-graph\">{\"@context\":\"https:\/\/schema.org\",\"@graph\":[{\"@type\":\"WebPage\",\"@id\":\"https:\/\/www.frigicoll.es\/blog\/gazpacho-andaluz\/\",\"url\":\"https:\/\/www.frigicoll.es\/blog\/gazpacho-andaluz\/\",\"name\":\"GAZPACHO ANDALUZ - Frigicoll - Blog Receta tradicional veranoSin categoria\",\"isPartOf\":{\"@id\":\"https:\/\/www.frigicoll.es\/blog\/#website\"},\"datePublished\":\"2021-07-15T09:05:19+00:00\",\"dateModified\":\"2021-07-15T09:05:27+00:00\",\"author\":{\"@id\":\"https:\/\/www.frigicoll.es\/blog\/#\/schema\/person\/e8a958a782404e3520a52e06134f9b57\"},\"breadcrumb\":{\"@id\":\"https:\/\/www.frigicoll.es\/blog\/gazpacho-andaluz\/#breadcrumb\"},\"inLanguage\":\"es\",\"potentialAction\":[{\"@type\":\"ReadAction\",\"target\":[\"https:\/\/www.frigicoll.es\/blog\/gazpacho-andaluz\/\"]}]},{\"@type\":\"BreadcrumbList\",\"@id\":\"https:\/\/www.frigicoll.es\/blog\/gazpacho-andaluz\/#breadcrumb\",\"itemListElement\":[{\"@type\":\"ListItem\",\"position\":1,\"name\":\"Portada\",\"item\":\"https:\/\/www.frigicoll.es\/blog\/\"},{\"@type\":\"ListItem\",\"position\":2,\"name\":\"GAZPACHO ANDALUZ\"}]},{\"@type\":\"WebSite\",\"@id\":\"https:\/\/www.frigicoll.es\/blog\/#website\",\"url\":\"https:\/\/www.frigicoll.es\/blog\/\",\"name\":\"Frigicoll - Blog\",\"description\":\"\",\"potentialAction\":[{\"@type\":\"SearchAction\",\"target\":{\"@type\":\"EntryPoint\",\"urlTemplate\":\"https:\/\/www.frigicoll.es\/blog\/?s={search_term_string}\"},\"query-input\":\"required name=search_term_string\"}],\"inLanguage\":\"es\"},{\"@type\":\"Person\",\"@id\":\"https:\/\/www.frigicoll.es\/blog\/#\/schema\/person\/e8a958a782404e3520a52e06134f9b57\",\"name\":\"artesans\",\"image\":{\"@type\":\"ImageObject\",\"inLanguage\":\"es\",\"@id\":\"https:\/\/www.frigicoll.es\/blog\/#\/schema\/person\/image\/\",\"url\":\"https:\/\/secure.gravatar.com\/avatar\/23825d8a0bdc40988d759818699b0fb8?s=96&d=mm&r=g\",\"contentUrl\":\"https:\/\/secure.gravatar.com\/avatar\/23825d8a0bdc40988d759818699b0fb8?s=96&d=mm&r=g\",\"caption\":\"artesans\"},\"url\":\"https:\/\/www.frigicoll.es\/blog\/author\/artesans\/\"}]}<\/script>\n<!-- \/ Yoast SEO plugin. -->","yoast_head_json":{"title":"GAZPACHO ANDALUZ - Frigicoll - Blog Receta tradicional veranoSin categoria","robots":{"index":"index","follow":"follow","max-snippet":"max-snippet:-1","max-image-preview":"max-image-preview:large","max-video-preview":"max-video-preview:-1"},"canonical":"https:\/\/www.frigicoll.es\/blog\/gazpacho-andaluz\/","og_locale":"es_ES","og_type":"article","og_title":"GAZPACHO ANDALUZ - Frigicoll - Blog Receta tradicional veranoSin categoria","og_description":"Ingredientes del gazpacho\u00a0 1 kilo de tomates maduros\u00a0 1 pimiento verde\u00a0 1 pepino\u00a0 1 cebolleta (o \u00bc de cebolla)\u00a0 1 diente de ajo\u00a0 1 rebanada de pan (unos 50 g)\u00a0 1 cucharadita de sal\u00a0 2 cucharadas de vinagre\u00a0 3 cucharadas de aceite de oliva virgen extra\u00a0 \u00a0 Preparaci\u00f3n\u00a0 \u00a0 Lavamos&hellip;","og_url":"https:\/\/www.frigicoll.es\/blog\/gazpacho-andaluz\/","og_site_name":"Frigicoll - Blog","article_published_time":"2021-07-15T09:05:19+00:00","article_modified_time":"2021-07-15T09:05:27+00:00","og_image":[{"width":1706,"height":2560,"url":"https:\/\/www.frigicoll.es\/blog\/wp-content\/uploads\/2021\/07\/gazpacho-scaled.jpg","type":"image\/jpeg"}],"author":"artesans","twitter_card":"summary_large_image","twitter_misc":{"Escrito por":"artesans","Tiempo de lectura":"1 minuto"},"schema":{"@context":"https:\/\/schema.org","@graph":[{"@type":"WebPage","@id":"https:\/\/www.frigicoll.es\/blog\/gazpacho-andaluz\/","url":"https:\/\/www.frigicoll.es\/blog\/gazpacho-andaluz\/","name":"GAZPACHO ANDALUZ - Frigicoll - Blog Receta tradicional veranoSin categoria","isPartOf":{"@id":"https:\/\/www.frigicoll.es\/blog\/#website"},"datePublished":"2021-07-15T09:05:19+00:00","dateModified":"2021-07-15T09:05:27+00:00","author":{"@id":"https:\/\/www.frigicoll.es\/blog\/#\/schema\/person\/e8a958a782404e3520a52e06134f9b57"},"breadcrumb":{"@id":"https:\/\/www.frigicoll.es\/blog\/gazpacho-andaluz\/#breadcrumb"},"inLanguage":"es","potentialAction":[{"@type":"ReadAction","target":["https:\/\/www.frigicoll.es\/blog\/gazpacho-andaluz\/"]}]},{"@type":"BreadcrumbList","@id":"https:\/\/www.frigicoll.es\/blog\/gazpacho-andaluz\/#breadcrumb","itemListElement":[{"@type":"ListItem","position":1,"name":"Portada","item":"https:\/\/www.frigicoll.es\/blog\/"},{"@type":"ListItem","position":2,"name":"GAZPACHO ANDALUZ"}]},{"@type":"WebSite","@id":"https:\/\/www.frigicoll.es\/blog\/#website","url":"https:\/\/www.frigicoll.es\/blog\/","name":"Frigicoll - Blog","description":"","potentialAction":[{"@type":"SearchAction","target":{"@type":"EntryPoint","urlTemplate":"https:\/\/www.frigicoll.es\/blog\/?s={search_term_string}"},"query-input":"required name=search_term_string"}],"inLanguage":"es"},{"@type":"Person","@id":"https:\/\/www.frigicoll.es\/blog\/#\/schema\/person\/e8a958a782404e3520a52e06134f9b57","name":"artesans","image":{"@type":"ImageObject","inLanguage":"es","@id":"https:\/\/www.frigicoll.es\/blog\/#\/schema\/person\/image\/","url":"https:\/\/secure.gravatar.com\/avatar\/23825d8a0bdc40988d759818699b0fb8?s=96&d=mm&r=g","contentUrl":"https:\/\/secure.gravatar.com\/avatar\/23825d8a0bdc40988d759818699b0fb8?s=96&d=mm&r=g","caption":"artesans"},"url":"https:\/\/www.frigicoll.es\/blog\/author\/artesans\/"}]}},"_links":{"self":[{"href":"https:\/\/www.frigicoll.es\/blog\/wp-json\/wp\/v2\/posts\/1496"}],"collection":[{"href":"https:\/\/www.frigicoll.es\/blog\/wp-json\/wp\/v2\/posts"}],"about":[{"href":"https:\/\/www.frigicoll.es\/blog\/wp-json\/wp\/v2\/types\/post"}],"author":[{"embeddable":true,"href":"https:\/\/www.frigicoll.es\/blog\/wp-json\/wp\/v2\/users\/5"}],"replies":[{"embeddable":true,"href":"https:\/\/www.frigicoll.es\/blog\/wp-json\/wp\/v2\/comments?post=1496"}],"version-history":[{"count":2,"href":"https:\/\/www.frigicoll.es\/blog\/wp-json\/wp\/v2\/posts\/1496\/revisions"}],"predecessor-version":[{"id":1499,"href":"https:\/\/www.frigicoll.es\/blog\/wp-json\/wp\/v2\/posts\/1496\/revisions\/1499"}],"wp:featuredmedia":[{"embeddable":true,"href":"https:\/\/www.frigicoll.es\/blog\/wp-json\/wp\/v2\/media\/1497"}],"wp:attachment":[{"href":"https:\/\/www.frigicoll.es\/blog\/wp-json\/wp\/v2\/media?parent=1496"}],"wp:term":[{"taxonomy":"category","embeddable":true,"href":"https:\/\/www.frigicoll.es\/blog\/wp-json\/wp\/v2\/categories?post=1496"},{"taxonomy":"post_tag","embeddable":true,"href":"https:\/\/www.frigicoll.es\/blog\/wp-json\/wp\/v2\/tags?post=1496"}],"curies":[{"name":"wp","href":"https:\/\/api.w.org\/{rel}","templated":true}]}}