{"id":1449,"date":"2021-02-19T10:26:32","date_gmt":"2021-02-19T09:26:32","guid":{"rendered":"https:\/\/www.frigicoll.es\/blog\/?p=1449"},"modified":"2021-02-19T10:58:31","modified_gmt":"2021-02-19T09:58:31","slug":"coliflor-en-salsa-de-curcuma-con-garrapinado-de-pipas","status":"publish","type":"post","link":"https:\/\/www.frigicoll.es\/blog\/coliflor-en-salsa-de-curcuma-con-garrapinado-de-pipas\/","title":{"rendered":"Coliflor en salsa de c\u00farcuma con garrapi\u00f1ado de pipas"},"content":{"rendered":"<p><img  loading=\"lazy\"  class=\"size-medium wp-image-1450 aligncenter pk-lazyload\"  src=\"data:image\/png;base64,iVBORw0KGgoAAAANSUhEUgAAAOEAAAEsAQMAAAAPfEbnAAAAA1BMVEUAAP+KeNJXAAAAAXRSTlMAQObYZgAAAAlwSFlzAAAOxAAADsQBlSsOGwAAAB9JREFUaN7twQENAAAAwqD3T20PBxQAAAAAAAAAAPwbIygAATCcMJgAAAAASUVORK5CYII=\"  alt=\"\"  width=\"225\"  height=\"300\"  data-pk-sizes=\"auto\"  data-ls-sizes=\"(max-width: 225px) 100vw, 225px\"  data-pk-src=\"https:\/\/www.frigicoll.es\/blog\/wp-content\/uploads\/2021\/02\/olga-drach-mR4DVSr2EjE-unsplash-225x300.jpg\"  data-pk-srcset=\"https:\/\/www.frigicoll.es\/blog\/wp-content\/uploads\/2021\/02\/olga-drach-mR4DVSr2EjE-unsplash-225x300.jpg 225w, https:\/\/www.frigicoll.es\/blog\/wp-content\/uploads\/2021\/02\/olga-drach-mR4DVSr2EjE-unsplash-768x1024.jpg 768w, https:\/\/www.frigicoll.es\/blog\/wp-content\/uploads\/2021\/02\/olga-drach-mR4DVSr2EjE-unsplash-1152x1536.jpg 1152w, https:\/\/www.frigicoll.es\/blog\/wp-content\/uploads\/2021\/02\/olga-drach-mR4DVSr2EjE-unsplash-1536x2048.jpg 1536w, https:\/\/www.frigicoll.es\/blog\/wp-content\/uploads\/2021\/02\/olga-drach-mR4DVSr2EjE-unsplash-380x507.jpg 380w, https:\/\/www.frigicoll.es\/blog\/wp-content\/uploads\/2021\/02\/olga-drach-mR4DVSr2EjE-unsplash-800x1067.jpg 800w, https:\/\/www.frigicoll.es\/blog\/wp-content\/uploads\/2021\/02\/olga-drach-mR4DVSr2EjE-unsplash-1160x1547.jpg 1160w, https:\/\/www.frigicoll.es\/blog\/wp-content\/uploads\/2021\/02\/olga-drach-mR4DVSr2EjE-unsplash-scaled.jpg 1920w\" ><\/p>\n<p><strong>Ingredientes:\u00a0<\/strong>1 dl caldo de verduras, 1,5 dl leche, 2 cucharaditas harina, sal y pimienta, 1 cucharadita piment\u00f3n dulce, pipas de girasol, 1 cucharada az\u00facar, 1 coliflor, mantequilla, 2 cucharaditas c\u00farcuma<\/p>\n<p><img  loading=\"lazy\"  class=\"size-medium wp-image-1451 aligncenter pk-lazyload\"  src=\"data:image\/png;base64,iVBORw0KGgoAAAANSUhEUgAAAMgAAAEsAQMAAAC8NG79AAAAA1BMVEUAAP+KeNJXAAAAAXRSTlMAQObYZgAAAAlwSFlzAAAOxAAADsQBlSsOGwAAAB5JREFUWMPtwTEBAAAAwqD1T20Hb6AAAAAAAAAA4DceeAABFyjdmQAAAABJRU5ErkJggg==\"  alt=\"\"  width=\"200\"  height=\"300\"  data-pk-sizes=\"auto\"  data-ls-sizes=\"(max-width: 200px) 100vw, 200px\"  data-pk-src=\"https:\/\/www.frigicoll.es\/blog\/wp-content\/uploads\/2021\/02\/foodism360-ql6oL44_c8s-unsplash-200x300.jpg\"  data-pk-srcset=\"https:\/\/www.frigicoll.es\/blog\/wp-content\/uploads\/2021\/02\/foodism360-ql6oL44_c8s-unsplash-200x300.jpg 200w, https:\/\/www.frigicoll.es\/blog\/wp-content\/uploads\/2021\/02\/foodism360-ql6oL44_c8s-unsplash-683x1024.jpg 683w, https:\/\/www.frigicoll.es\/blog\/wp-content\/uploads\/2021\/02\/foodism360-ql6oL44_c8s-unsplash-768x1152.jpg 768w, https:\/\/www.frigicoll.es\/blog\/wp-content\/uploads\/2021\/02\/foodism360-ql6oL44_c8s-unsplash-1024x1536.jpg 1024w, https:\/\/www.frigicoll.es\/blog\/wp-content\/uploads\/2021\/02\/foodism360-ql6oL44_c8s-unsplash-1365x2048.jpg 1365w, https:\/\/www.frigicoll.es\/blog\/wp-content\/uploads\/2021\/02\/foodism360-ql6oL44_c8s-unsplash-380x570.jpg 380w, https:\/\/www.frigicoll.es\/blog\/wp-content\/uploads\/2021\/02\/foodism360-ql6oL44_c8s-unsplash-800x1200.jpg 800w, https:\/\/www.frigicoll.es\/blog\/wp-content\/uploads\/2021\/02\/foodism360-ql6oL44_c8s-unsplash-1160x1740.jpg 1160w, https:\/\/www.frigicoll.es\/blog\/wp-content\/uploads\/2021\/02\/foodism360-ql6oL44_c8s-unsplash-scaled.jpg 1707w\" ><\/p>\n<p><strong>Elaboraci\u00f3n<\/strong><\/p>\n<ol>\n<li><strong> Poner una sart\u00e9n al fuego con las pipas de girasol<\/strong>, 1 Cucharada de az\u00facar y 1 cucharada de agua, una pizca de sal y un pizca de piment\u00f3n dulce. Remover hasta que se vaya evaporando el agua y el caramelo se pegue a las pipas. Retirar y reservar.<\/li>\n<li><strong> Lavar la coliflor quitando las hojas y cortar la base como 2 cm.<\/strong>Poner una olla grande al fuego con la coliflor entera y cubierta de agua. A\u00f1adir un poco de sal y dejar cocer 15 minutos hasta que la coliflor quede al dente. Retirar, escurrir y reservar.<\/li>\n<li><strong> Poner una sart\u00e9n al fuego con la mantequilla<\/strong>, 2 cucharaditas de harina y 2 de c\u00farcuma. Rehogar unos segundos e ir a\u00f1adiendo poco a poco, 1 dl de caldo de verduras y 1 dl de leche hasta obtener una salsa espesa. Salpimentar y retirar del fuego. Servir la coliflor con la salsa por encima y las pipas de girasol garrapi\u00f1adas.<\/li>\n<\/ol>\n","protected":false},"excerpt":{"rendered":"Ingredientes:\u00a01 dl caldo de verduras, 1,5 dl leche, 2 cucharaditas harina, sal y pimienta, 1 cucharadita piment\u00f3n dulce, pipas de girasol, 1 cucharada az\u00facar, 1 coliflor, mantequilla, 2 cucharaditas c\u00farcuma Elaboraci\u00f3n Poner una sart\u00e9n al fuego con las pipas de girasol, 1 Cucharada de az\u00facar y 1 cucharada de agua,&hellip;\n","protected":false},"author":5,"featured_media":1451,"comment_status":"open","ping_status":"open","sticky":false,"template":"","format":"standard","meta":[],"categories":[3],"tags":[],"yoast_head":"<!-- This site is optimized with the Yoast SEO plugin v19.12 - https:\/\/yoast.com\/wordpress\/plugins\/seo\/ -->\n<title>Coliflor en salsa de c\u00farcuma con garrapi\u00f1ado de pipas - Frigicoll - Blog<\/title>\n<meta name=\"robots\" content=\"index, follow, max-snippet:-1, max-image-preview:large, max-video-preview:-1\" \/>\n<link rel=\"canonical\" href=\"https:\/\/www.frigicoll.es\/blog\/coliflor-en-salsa-de-curcuma-con-garrapinado-de-pipas\/\" \/>\n<meta property=\"og:locale\" content=\"es_ES\" \/>\n<meta property=\"og:type\" content=\"article\" \/>\n<meta property=\"og:title\" content=\"Coliflor en salsa de c\u00farcuma con garrapi\u00f1ado de pipas - Frigicoll - Blog\" \/>\n<meta property=\"og:description\" content=\"Ingredientes:\u00a01 dl caldo de verduras, 1,5 dl leche, 2 cucharaditas harina, sal y pimienta, 1 cucharadita piment\u00f3n dulce, pipas de girasol, 1 cucharada az\u00facar, 1 coliflor, mantequilla, 2 cucharaditas c\u00farcuma Elaboraci\u00f3n Poner una sart\u00e9n al fuego con las pipas de girasol, 1 Cucharada de az\u00facar y 1 cucharada de agua,&hellip;\" \/>\n<meta property=\"og:url\" content=\"https:\/\/www.frigicoll.es\/blog\/coliflor-en-salsa-de-curcuma-con-garrapinado-de-pipas\/\" \/>\n<meta property=\"og:site_name\" content=\"Frigicoll - Blog\" \/>\n<meta property=\"article:published_time\" content=\"2021-02-19T09:26:32+00:00\" \/>\n<meta property=\"article:modified_time\" content=\"2021-02-19T09:58:31+00:00\" \/>\n<meta property=\"og:image\" content=\"https:\/\/www.frigicoll.es\/blog\/wp-content\/uploads\/2021\/02\/foodism360-ql6oL44_c8s-unsplash-scaled.jpg\" \/>\n\t<meta property=\"og:image:width\" content=\"1707\" \/>\n\t<meta property=\"og:image:height\" content=\"2560\" \/>\n\t<meta property=\"og:image:type\" content=\"image\/jpeg\" \/>\n<meta name=\"author\" content=\"artesans\" \/>\n<meta name=\"twitter:card\" content=\"summary_large_image\" \/>\n<meta name=\"twitter:label1\" content=\"Escrito por\" \/>\n\t<meta name=\"twitter:data1\" content=\"artesans\" \/>\n\t<meta name=\"twitter:label2\" content=\"Tiempo de lectura\" \/>\n\t<meta name=\"twitter:data2\" content=\"1 minuto\" \/>\n<script type=\"application\/ld+json\" class=\"yoast-schema-graph\">{\"@context\":\"https:\/\/schema.org\",\"@graph\":[{\"@type\":\"WebPage\",\"@id\":\"https:\/\/www.frigicoll.es\/blog\/coliflor-en-salsa-de-curcuma-con-garrapinado-de-pipas\/\",\"url\":\"https:\/\/www.frigicoll.es\/blog\/coliflor-en-salsa-de-curcuma-con-garrapinado-de-pipas\/\",\"name\":\"Coliflor en salsa de c\u00farcuma con garrapi\u00f1ado de pipas - Frigicoll - Blog\",\"isPartOf\":{\"@id\":\"https:\/\/www.frigicoll.es\/blog\/#website\"},\"datePublished\":\"2021-02-19T09:26:32+00:00\",\"dateModified\":\"2021-02-19T09:58:31+00:00\",\"author\":{\"@id\":\"https:\/\/www.frigicoll.es\/blog\/#\/schema\/person\/e8a958a782404e3520a52e06134f9b57\"},\"breadcrumb\":{\"@id\":\"https:\/\/www.frigicoll.es\/blog\/coliflor-en-salsa-de-curcuma-con-garrapinado-de-pipas\/#breadcrumb\"},\"inLanguage\":\"es\",\"potentialAction\":[{\"@type\":\"ReadAction\",\"target\":[\"https:\/\/www.frigicoll.es\/blog\/coliflor-en-salsa-de-curcuma-con-garrapinado-de-pipas\/\"]}]},{\"@type\":\"BreadcrumbList\",\"@id\":\"https:\/\/www.frigicoll.es\/blog\/coliflor-en-salsa-de-curcuma-con-garrapinado-de-pipas\/#breadcrumb\",\"itemListElement\":[{\"@type\":\"ListItem\",\"position\":1,\"name\":\"Portada\",\"item\":\"https:\/\/www.frigicoll.es\/blog\/\"},{\"@type\":\"ListItem\",\"position\":2,\"name\":\"Coliflor en salsa de c\u00farcuma con garrapi\u00f1ado de pipas\"}]},{\"@type\":\"WebSite\",\"@id\":\"https:\/\/www.frigicoll.es\/blog\/#website\",\"url\":\"https:\/\/www.frigicoll.es\/blog\/\",\"name\":\"Frigicoll - Blog\",\"description\":\"\",\"potentialAction\":[{\"@type\":\"SearchAction\",\"target\":{\"@type\":\"EntryPoint\",\"urlTemplate\":\"https:\/\/www.frigicoll.es\/blog\/?s={search_term_string}\"},\"query-input\":\"required name=search_term_string\"}],\"inLanguage\":\"es\"},{\"@type\":\"Person\",\"@id\":\"https:\/\/www.frigicoll.es\/blog\/#\/schema\/person\/e8a958a782404e3520a52e06134f9b57\",\"name\":\"artesans\",\"image\":{\"@type\":\"ImageObject\",\"inLanguage\":\"es\",\"@id\":\"https:\/\/www.frigicoll.es\/blog\/#\/schema\/person\/image\/\",\"url\":\"https:\/\/secure.gravatar.com\/avatar\/23825d8a0bdc40988d759818699b0fb8?s=96&d=mm&r=g\",\"contentUrl\":\"https:\/\/secure.gravatar.com\/avatar\/23825d8a0bdc40988d759818699b0fb8?s=96&d=mm&r=g\",\"caption\":\"artesans\"},\"url\":\"https:\/\/www.frigicoll.es\/blog\/author\/artesans\/\"}]}<\/script>\n<!-- \/ Yoast SEO plugin. -->","yoast_head_json":{"title":"Coliflor en salsa de c\u00farcuma con garrapi\u00f1ado de pipas - Frigicoll - Blog","robots":{"index":"index","follow":"follow","max-snippet":"max-snippet:-1","max-image-preview":"max-image-preview:large","max-video-preview":"max-video-preview:-1"},"canonical":"https:\/\/www.frigicoll.es\/blog\/coliflor-en-salsa-de-curcuma-con-garrapinado-de-pipas\/","og_locale":"es_ES","og_type":"article","og_title":"Coliflor en salsa de c\u00farcuma con garrapi\u00f1ado de pipas - Frigicoll - Blog","og_description":"Ingredientes:\u00a01 dl caldo de verduras, 1,5 dl leche, 2 cucharaditas harina, sal y pimienta, 1 cucharadita piment\u00f3n dulce, pipas de girasol, 1 cucharada az\u00facar, 1 coliflor, mantequilla, 2 cucharaditas c\u00farcuma Elaboraci\u00f3n Poner una sart\u00e9n al fuego con las pipas de girasol, 1 Cucharada de az\u00facar y 1 cucharada de agua,&hellip;","og_url":"https:\/\/www.frigicoll.es\/blog\/coliflor-en-salsa-de-curcuma-con-garrapinado-de-pipas\/","og_site_name":"Frigicoll - Blog","article_published_time":"2021-02-19T09:26:32+00:00","article_modified_time":"2021-02-19T09:58:31+00:00","og_image":[{"width":1707,"height":2560,"url":"https:\/\/www.frigicoll.es\/blog\/wp-content\/uploads\/2021\/02\/foodism360-ql6oL44_c8s-unsplash-scaled.jpg","type":"image\/jpeg"}],"author":"artesans","twitter_card":"summary_large_image","twitter_misc":{"Escrito por":"artesans","Tiempo de lectura":"1 minuto"},"schema":{"@context":"https:\/\/schema.org","@graph":[{"@type":"WebPage","@id":"https:\/\/www.frigicoll.es\/blog\/coliflor-en-salsa-de-curcuma-con-garrapinado-de-pipas\/","url":"https:\/\/www.frigicoll.es\/blog\/coliflor-en-salsa-de-curcuma-con-garrapinado-de-pipas\/","name":"Coliflor en salsa de c\u00farcuma con garrapi\u00f1ado de pipas - Frigicoll - Blog","isPartOf":{"@id":"https:\/\/www.frigicoll.es\/blog\/#website"},"datePublished":"2021-02-19T09:26:32+00:00","dateModified":"2021-02-19T09:58:31+00:00","author":{"@id":"https:\/\/www.frigicoll.es\/blog\/#\/schema\/person\/e8a958a782404e3520a52e06134f9b57"},"breadcrumb":{"@id":"https:\/\/www.frigicoll.es\/blog\/coliflor-en-salsa-de-curcuma-con-garrapinado-de-pipas\/#breadcrumb"},"inLanguage":"es","potentialAction":[{"@type":"ReadAction","target":["https:\/\/www.frigicoll.es\/blog\/coliflor-en-salsa-de-curcuma-con-garrapinado-de-pipas\/"]}]},{"@type":"BreadcrumbList","@id":"https:\/\/www.frigicoll.es\/blog\/coliflor-en-salsa-de-curcuma-con-garrapinado-de-pipas\/#breadcrumb","itemListElement":[{"@type":"ListItem","position":1,"name":"Portada","item":"https:\/\/www.frigicoll.es\/blog\/"},{"@type":"ListItem","position":2,"name":"Coliflor en salsa de c\u00farcuma con garrapi\u00f1ado de pipas"}]},{"@type":"WebSite","@id":"https:\/\/www.frigicoll.es\/blog\/#website","url":"https:\/\/www.frigicoll.es\/blog\/","name":"Frigicoll - Blog","description":"","potentialAction":[{"@type":"SearchAction","target":{"@type":"EntryPoint","urlTemplate":"https:\/\/www.frigicoll.es\/blog\/?s={search_term_string}"},"query-input":"required name=search_term_string"}],"inLanguage":"es"},{"@type":"Person","@id":"https:\/\/www.frigicoll.es\/blog\/#\/schema\/person\/e8a958a782404e3520a52e06134f9b57","name":"artesans","image":{"@type":"ImageObject","inLanguage":"es","@id":"https:\/\/www.frigicoll.es\/blog\/#\/schema\/person\/image\/","url":"https:\/\/secure.gravatar.com\/avatar\/23825d8a0bdc40988d759818699b0fb8?s=96&d=mm&r=g","contentUrl":"https:\/\/secure.gravatar.com\/avatar\/23825d8a0bdc40988d759818699b0fb8?s=96&d=mm&r=g","caption":"artesans"},"url":"https:\/\/www.frigicoll.es\/blog\/author\/artesans\/"}]}},"_links":{"self":[{"href":"https:\/\/www.frigicoll.es\/blog\/wp-json\/wp\/v2\/posts\/1449"}],"collection":[{"href":"https:\/\/www.frigicoll.es\/blog\/wp-json\/wp\/v2\/posts"}],"about":[{"href":"https:\/\/www.frigicoll.es\/blog\/wp-json\/wp\/v2\/types\/post"}],"author":[{"embeddable":true,"href":"https:\/\/www.frigicoll.es\/blog\/wp-json\/wp\/v2\/users\/5"}],"replies":[{"embeddable":true,"href":"https:\/\/www.frigicoll.es\/blog\/wp-json\/wp\/v2\/comments?post=1449"}],"version-history":[{"count":1,"href":"https:\/\/www.frigicoll.es\/blog\/wp-json\/wp\/v2\/posts\/1449\/revisions"}],"predecessor-version":[{"id":1452,"href":"https:\/\/www.frigicoll.es\/blog\/wp-json\/wp\/v2\/posts\/1449\/revisions\/1452"}],"wp:featuredmedia":[{"embeddable":true,"href":"https:\/\/www.frigicoll.es\/blog\/wp-json\/wp\/v2\/media\/1451"}],"wp:attachment":[{"href":"https:\/\/www.frigicoll.es\/blog\/wp-json\/wp\/v2\/media?parent=1449"}],"wp:term":[{"taxonomy":"category","embeddable":true,"href":"https:\/\/www.frigicoll.es\/blog\/wp-json\/wp\/v2\/categories?post=1449"},{"taxonomy":"post_tag","embeddable":true,"href":"https:\/\/www.frigicoll.es\/blog\/wp-json\/wp\/v2\/tags?post=1449"}],"curies":[{"name":"wp","href":"https:\/\/api.w.org\/{rel}","templated":true}]}}